{"id":600,"date":"2022-05-01T15:30:55","date_gmt":"2022-05-01T13:30:55","guid":{"rendered":"http:\/\/vulg-art.com\/?p=600"},"modified":"2022-05-18T22:07:11","modified_gmt":"2022-05-18T20:07:11","slug":"abraham-poincheval","status":"publish","type":"post","link":"https:\/\/vulg-art.com\/index.php\/2022\/05\/01\/abraham-poincheval\/","title":{"rendered":"Abraham Poincheval"},"content":{"rendered":"\n<p class=\"has-text-align-justify has-text-color\" style=\"color:#262626\">Passer 13 jours dans un ours, couver des \u0153ufs de poule, traverser des pays en roulant un cylindre ou encore s\u2019enfermer dans une bouteille g\u00e9ante et remonter un fleuve, c\u2019est l\u2019art selon Abraham Poincheval. Cet artiste fran\u00e7ais \u00e0 la vie et aux exp\u00e9riences invraisemblables et extraordinaires est dou\u00e9 dans la pratique de performances artistiques. Cela consiste notamment \u00e0 se mettre en sc\u00e8ne de fa\u00e7on particuli\u00e8re. Vous vous doutez bien qu\u2019une telle mani\u00e8re de produire de l\u2019art ne pouvait pas \u00e9chapper \u00e0 l\u2019\u00e9quipe Vulg\u2019Art qui vous propose aujourd\u2019hui d\u2019en d\u00e9couvrir un peu plus sur la vie incroyable de cet homme !<\/p>\n\n\n\n<p class=\"has-text-align-justify has-text-color\" style=\"color:#262626\">Ce n\u2019est qu\u2019apr\u00e8s avoir r\u00e9alis\u00e9 plusieurs performances en duo avec Laurent Taxidor qu\u2019Abraham Poincheval se lance en solo en 2011. Tous deux ont par exemple r\u00e9alis\u00e9 leur premi\u00e8re tentative d\u2019enfermement durant laquelle les deux comp\u00e8res creusent un tunnel de 20 m\u00e8tres pendant 20 jours tout en rebouchant derri\u00e8re eux. Un voyage sous terre \u00e0 la vitesse d\u2019un m\u00e8tre par jour.<\/p>\n\n\n\n<div class=\"wp-block-columns\">\n<div class=\"wp-block-column\" style=\"flex-basis:650px\">\n<p class=\"has-text-align-justify has-text-color\" style=\"color:#262626\">Afin d&rsquo;entamer ses aventures en solitaire, l\u2019artiste r\u00e9alise, en 2011, une performance qu\u2019il nomme \u2018<em>Gyrovague, le voyage invisible<\/em>\u2019. Cette exp\u00e9rience spirituelle vise \u00e0 traverser les Alpes, reliant ainsi les villes de Digne et Caraglio en Italie, en poussant, travaillant et vivant \u00e0 l\u2019int\u00e9rieur d\u2019un cylindre m\u00e9tallique, qu\u2019il appela \u2018Gyrovague\u2019. Parti en Juillet 2011, il atteindra sa destination finale en Mai 2012, apr\u00e8s avoir v\u00e9cu dans ce cylindre, \u00e0 la fois maison, cam\u00e9ra et moyen de locomotion. Au fil de son p\u00e9riple, l\u2019artiste a tenu un journal dans lequel il raconte son exp\u00e9rience et rapporte de nombreuses images prises dans le cylindre.<\/p>\n<\/div>\n\n\n\n<div class=\"wp-block-column\" style=\"flex-basis:50%\">\n<figure class=\"wp-block-image is-resized\"><img loading=\"lazy\" src=\"https:\/\/lh6.googleusercontent.com\/U6wnMCUa_7r5TjuJ-U45l_yka5ZSZBZiGIdIonYK7D1lusRlhaaJMo4JyhXyjj8_iaX-morz_gxHHfvbLIymK8h_DFo4-cX93VR-QC_gpMVtYIYwu3wpTbsipEXSa6ba0tssmHXA\" alt=\"\" width=\"227\" height=\"288\"\/><\/figure>\n<\/div>\n<\/div>\n\n\n\n<p class=\"has-text-align-center\"><\/p>\n\n\n\n<p class=\"has-text-align-justify has-text-color\" style=\"color:#262626\">D\u00e8s 2012, il tente une nouvelle exp\u00e9rience, cette fois, il est immobile, enterr\u00e9 dans le sol d\u2019une librairie de Marseille, pendant 7 jours. Dans un trou d\u20191,70 m de hauteur sur 60 cm de diam\u00e8tre, am\u00e9nag\u00e9 avec de la nourriture, de l\u2019eau, des livres et de quoi faire ses besoins. Une exp\u00e9rience qu\u2019il nommera \u2018604 800 secondes\u2019, soit le temps qu\u2019il aura pass\u00e9 dans le trou, bouch\u00e9 par un rocher de pr\u00e8s d\u2019une tonne. Une performance film\u00e9e et diffus\u00e9e par l\u2019artiste en direct sur les murs de la librairie. Les visiteurs pouvaient ainsi litt\u00e9ralement marcher au-dessus de sa t\u00eate.<\/p>\n\n\n\n<div class=\"wp-block-columns\">\n<div class=\"wp-block-column\" style=\"flex-basis:800px\">\n<p class=\"has-text-align-justify has-text-color\" style=\"color:#262626\">Vous aussi vous commencez petit \u00e0 petit \u00e0 cerner le personnage\u202f? C\u2019est quelque temps plus tard, en 2014, qu\u2019Abraham Poincheval d\u00e9cide de s\u2019enfermer \u00e0 l\u2019int\u00e9rieur d\u2019un ours empaill\u00e9 au sein du mus\u00e9e de la chasse et de la nature \u00e0 Paris. Ours dans lequel il vivra pendant 13 jours. Une exp\u00e9rience spirituelle visant \u00e0 se rapprocher de l\u2019animal en vivant litt\u00e9ralement \u00e0 l\u2019int\u00e9rieur de lui. C\u2019est ensuite dans une \u00e9norme bouteille de verre de 6\u2009m de long sur 2\u2009m de large que l\u2019artiste entreprend en 2015 de remonter le Rh\u00f4ne en partant de la Camargue jusqu\u2019en Suisse. La bouteille est \u00e9quip\u00e9e pour un s\u00e9jour en autonomie de 7 \u00e0 10 jours. Cependant, durant cette exp\u00e9rience, l\u2019artiste s\u2019autorise quelques pauses dans des parcs et jardins \u00e0 des fins introspectives. Telle une bouteille \u00e0 la mer, Abraham est soumis aux al\u00e9as de la nature et ne peut occuper qu\u2019une place d\u2019observateur. Il passe ensuite plusieurs jours \u00e0 Paris, perch\u00e9 en haut d\u2019un m\u00e2t \u00e0 plus de 20\u2009m du sol. Pourquoi\u202f? Pour comparer son exp\u00e9rience d\u2019enfermement \u00e0 l\u2019int\u00e9rieur d\u2019une chose avec un enfermement en ext\u00e9rieur, dans le vide.<\/p>\n<\/div>\n\n\n\n<div class=\"wp-block-column is-vertically-aligned-center\" style=\"flex-basis:50%\">\n<p><img loading=\"lazy\" src=\"https:\/\/lh5.googleusercontent.com\/ElE8ikMhE1_taGZKl2gsdHTSe2EkAex_IPE2VbkXynfeqjrJEzV0M2u0hgFHUeqDB2VWv0XTRWp5jnQQHVGQaKn4PIpGoGgUZgM2-wvF3SbRO0ReQRfH2s8vkqvW8W3rjCwXuG4e\" width=\"299\" height=\"150\"><\/p>\n<\/div>\n<\/div>\n\n\n\n<div class=\"wp-block-columns\">\n<div class=\"wp-block-column\">\n<p class=\"has-text-align-center\"><img loading=\"lazy\" src=\"https:\/\/lh4.googleusercontent.com\/JMzkKxkktMex7AGti8dONZV4aYneEKFDDr9HUVwkegMRcv_UchhPnUSYMqzCfeMkmX6cvCmwZ1K4yiwJBifAYLqBLez0rusudq_kyDxcOeHu5AOBB7Ni6Fz9PIgFKwssr8vaifar\" width=\"276\" height=\"156\"><\/p>\n<\/div>\n\n\n\n<div class=\"wp-block-column\">\n<p class=\"has-text-align-center\"><img loading=\"lazy\" src=\"https:\/\/lh4.googleusercontent.com\/Prh0kWYEXvheD6l_hh5cocx_FkBxEvURjbHMPOG7VEKnM4zTYjE6eOasNCQK6iAF-h8IAI8mrc8T7jWD1xvkpNEIMRAC3B5jtXv-4UB6p2QCexhIBh2CwBn2fv5ruE2YOvis9Wlp\" width=\"186\" height=\"185\"><\/p>\n<\/div>\n<\/div>\n\n\n\n<div class=\"wp-block-columns\">\n<div class=\"wp-block-column\" style=\"flex-basis:1000px\">\n<p class=\"has-text-align-justify has-text-color\" style=\"color:#262626\">L\u2019artiste va \u00e9galement tenter l\u2019exp\u00e9rience de couver une douzaine \u0153ufs de poules jusqu\u2019\u00e0 \u00e9closion. Il s\u2019enferme alors dans une bo\u00eete en plexiglas au palais de Tokyo \u00e0 Paris, pour une dur\u00e9e maximale de 26 jours, durant lesquels il tentera de conserver une temp\u00e9rature de 37 degr\u00e9s, primordiale \u00e0 la naissance des poussins. Lors de cette m\u00eame exposition au palais de Tokyo, Abraham r\u00e9alise une autre performance :&rsquo;<em>Pierre<\/em>\u2019, dans laquelle il s\u2019enferme durant 6 jours \u00e0 l\u2019int\u00e9rieur d\u2019un rocher calcaire de 12 tonnes. \u00c0 l\u2019int\u00e9rieur de ce rocher est creus\u00e9e la forme de son corps en position assise. \u00c0 nouveau, l\u2019artiste cherche l\u2019exp\u00e9rience, la nouveaut\u00e9, l\u2019introspection avec cet enfermement impr\u00e9visible au c\u0153ur de la vie min\u00e9rale.<\/p>\n<\/div>\n\n\n\n<div class=\"wp-block-column is-vertically-aligned-center\" style=\"flex-basis:50%\">\n<p><img loading=\"lazy\" src=\"https:\/\/lh5.googleusercontent.com\/Yg9_WAONR7cCHczGJr0mGD6VvClX5-FXKxLNlZgXmlUoFsTya9X5ICXOzjqKp46-we4GiFBkPN6_EwPmIdYmOsus0KUTefRa9Ytdf3quO3MUmiVQflfnScXBnhMYiBGsobR00493\" width=\"206\" height=\"206\"><\/p>\n<\/div>\n<\/div>\n\n\n\n<p class=\"has-text-align-justify has-text-color\" style=\"color:#262626\">Finalement, en 2018, Abraham Poincheval tente une \u00e9ni\u00e8me exp\u00e9rience, encore diff\u00e9rente des pr\u00e9c\u00e9dentes. Cette fois, il va traverser la Bretagne \u00e0 pied dans une armure de chevalier lourde de 30 kilos, apr\u00e8s s\u2019\u00eatre enferm\u00e9 une semaine durant dans une statue d\u2019homme-lion. Avec cette travers\u00e9e de la Bretagne, l\u2019artiste se qualifie de \u00ab chevalier du 21<sup>\u00e8me<\/sup> si\u00e8cle \u00bb parcourant for\u00eats et champs, marchant au bord de la route, avec une armure sur le dos et un t\u00e9l\u00e9phone dans la poche.<\/p>\n\n\n\n<p class=\"has-text-align-justify has-text-color\" style=\"color:#262626\">\u00c0 travers toutes ces exp\u00e9riences d\u2019enfermement ou d\u2019aventures diff\u00e9rentes, l\u2019artiste repousse ses limites \u00e0 la fois physiques et mentales. Il questionne son public au sujet de son rapport \u00e0 l\u2019espace ou encore aux autres. Mais avant tout, ce sont des voyages int\u00e9rieurs, spirituels que recherche l\u2019artiste avec ses performances.<\/p>\n\n\n\n<p class=\"has-text-align-justify has-text-color\" style=\"color:#262626\">Vous vous doutez bien qu\u2019un simple article ne suffit pas \u00e0 aborder en d\u00e9tails la quantit\u00e9 d\u2019exp\u00e9riences incroyables r\u00e9alis\u00e9es par cet artiste. C\u2019est pourquoi l\u2019\u00e9quipe Vulg\u2019Art esp\u00e8re que cet article vous aura diverti, et vous aura donn\u00e9 envie de vous renseigner un peu plus sur cet homme incroyable ! \u00c0 bient\u00f4t !<\/p>\n","protected":false},"excerpt":{"rendered":"<p>Abraham Poincheval, n\u00e9 en 1972 \u00e0 Alen\u00e7on, est un artiste fran\u00e7ais install\u00e9 \u00e0 Marseille. Depuis novembre 2015, il enseigne la performance \u00e0 l&rsquo;\u00e9cole sup\u00e9rieure d&rsquo;art d&rsquo;Aix-en-Provence<\/p>\n","protected":false},"author":1,"featured_media":601,"comment_status":"open","ping_status":"open","sticky":false,"template":"","format":"standard","meta":{"spay_email":""},"categories":[8],"tags":[],"jetpack_featured_media_url":"https:\/\/i0.wp.com\/vulg-art.com\/wp-content\/uploads\/2022\/05\/telecharge-e1652013656105.jpg?fit=500%2C334&ssl=1","jetpack-related-posts":[{"id":609,"url":"https:\/\/vulg-art.com\/index.php\/2022\/05\/08\/fountain-marcel-duchamp\/","url_meta":{"origin":600,"position":0},"title":"Fountain &#8211; Marcel Duchamp","date":"8 mai 2022","format":false,"excerpt":"Vous avez s\u00fbrement d\u00e9j\u00e0 tous aper\u00e7us ou entendu parler de cette \u0153uvre de pleine de controverses. C\u2019est sous le pseudonyme de \u201cR. Mutt\u201d que l\u2019artiste Marcel Duchamp proposait originellement ce \u201cReady-made\u201d. Ceci \u00e0 l\u2019occasion de la premi\u00e8re exposition de la Soci\u00e9t\u00e9 des Artistes Ind\u00e9pendants de New York en 1917. Cette\u2026","rel":"","context":"Dans &quot;Articles&quot;","img":{"alt_text":"","src":"https:\/\/i0.wp.com\/vulg-art.com\/wp-content\/uploads\/2022\/05\/Marcel_Duchamp_1917_Fountain_photograph_by_Alfred_Stieglitz-e1652013577198.jpg?fit=300%2C261&ssl=1&resize=350%2C200","width":350,"height":200},"classes":[]}],"_links":{"self":[{"href":"https:\/\/vulg-art.com\/index.php\/wp-json\/wp\/v2\/posts\/600"}],"collection":[{"href":"https:\/\/vulg-art.com\/index.php\/wp-json\/wp\/v2\/posts"}],"about":[{"href":"https:\/\/vulg-art.com\/index.php\/wp-json\/wp\/v2\/types\/post"}],"author":[{"embeddable":true,"href":"https:\/\/vulg-art.com\/index.php\/wp-json\/wp\/v2\/users\/1"}],"replies":[{"embeddable":true,"href":"https:\/\/vulg-art.com\/index.php\/wp-json\/wp\/v2\/comments?post=600"}],"version-history":[{"count":3,"href":"https:\/\/vulg-art.com\/index.php\/wp-json\/wp\/v2\/posts\/600\/revisions"}],"predecessor-version":[{"id":638,"href":"https:\/\/vulg-art.com\/index.php\/wp-json\/wp\/v2\/posts\/600\/revisions\/638"}],"wp:featuredmedia":[{"embeddable":true,"href":"https:\/\/vulg-art.com\/index.php\/wp-json\/wp\/v2\/media\/601"}],"wp:attachment":[{"href":"https:\/\/vulg-art.com\/index.php\/wp-json\/wp\/v2\/media?parent=600"}],"wp:term":[{"taxonomy":"category","embeddable":true,"href":"https:\/\/vulg-art.com\/index.php\/wp-json\/wp\/v2\/categories?post=600"},{"taxonomy":"post_tag","embeddable":true,"href":"https:\/\/vulg-art.com\/index.php\/wp-json\/wp\/v2\/tags?post=600"}],"curies":[{"name":"wp","href":"https:\/\/api.w.org\/{rel}","templated":true}]}}